{"id":513,"date":"2016-12-23T17:13:03","date_gmt":"2016-12-23T17:13:03","guid":{"rendered":"https:\/\/www.klasikotomobil.org\/en\/?p=513"},"modified":"2017-08-18T12:08:04","modified_gmt":"2017-08-18T12:08:04","slug":"aralik-2016yilbasi-balosu","status":"publish","type":"post","link":"https:\/\/www.klasikotomobil.org\/en\/aralik-2016yilbasi-balosu\/","title":{"rendered":"Aral\u0131k 2016<br\/>Y\u0131lba\u015f\u0131 Balosu"},"content":{"rendered":"<p><img decoding=\"async\" loading=\"lazy\" class=\"wp-image-534 size-full aligncenter\" src=\"https:\/\/www.klasikotomobil.org\/en\/wp-content\/uploads\/2016\/05\/balo-davetiye.jpg\" width=\"1800\" height=\"861\" srcset=\"https:\/\/www.klasikotomobil.org\/wp-content\/uploads\/2016\/05\/balo-davetiye.jpg 1800w, https:\/\/www.klasikotomobil.org\/wp-content\/uploads\/2016\/05\/balo-davetiye-300x144.jpg 300w, https:\/\/www.klasikotomobil.org\/wp-content\/uploads\/2016\/05\/balo-davetiye-768x367.jpg 768w, https:\/\/www.klasikotomobil.org\/wp-content\/uploads\/2016\/05\/balo-davetiye-1024x490.jpg 1024w, https:\/\/www.klasikotomobil.org\/wp-content\/uploads\/2016\/05\/balo-davetiye-260x124.jpg 260w, https:\/\/www.klasikotomobil.org\/wp-content\/uploads\/2016\/05\/balo-davetiye-50x24.jpg 50w, https:\/\/www.klasikotomobil.org\/wp-content\/uploads\/2016\/05\/balo-davetiye-150x72.jpg 150w\" sizes=\"(max-width: 1800px) 100vw, 1800px\" \/><\/p>\n","protected":false},"excerpt":{"rendered":"","protected":false},"author":1,"featured_media":514,"comment_status":"closed","ping_status":"closed","sticky":false,"template":"","format":"standard","meta":[],"categories":[6],"tags":[],"aioseo_notices":[],"_links":{"self":[{"href":"https:\/\/www.klasikotomobil.org\/en\/wp-json\/wp\/v2\/posts\/513"}],"collection":[{"href":"https:\/\/www.klasikotomobil.org\/en\/wp-json\/wp\/v2\/posts"}],"about":[{"href":"https:\/\/www.klasikotomobil.org\/en\/wp-json\/wp\/v2\/types\/post"}],"author":[{"embeddable":true,"href":"https:\/\/www.klasikotomobil.org\/en\/wp-json\/wp\/v2\/users\/1"}],"replies":[{"embeddable":true,"href":"https:\/\/www.klasikotomobil.org\/en\/wp-json\/wp\/v2\/comments?post=513"}],"version-history":[{"count":3,"href":"https:\/\/www.klasikotomobil.org\/en\/wp-json\/wp\/v2\/posts\/513\/revisions"}],"predecessor-version":[{"id":535,"href":"https:\/\/www.klasikotomobil.org\/en\/wp-json\/wp\/v2\/posts\/513\/revisions\/535"}],"wp:featuredmedia":[{"embeddable":true,"href":"https:\/\/www.klasikotomobil.org\/en\/wp-json\/wp\/v2\/media\/514"}],"wp:attachment":[{"href":"https:\/\/www.klasikotomobil.org\/en\/wp-json\/wp\/v2\/media?parent=513"}],"wp:term":[{"taxonomy":"category","embeddable":true,"href":"https:\/\/www.klasikotomobil.org\/en\/wp-json\/wp\/v2\/categories?post=513"},{"taxonomy":"post_tag","embeddable":true,"href":"https:\/\/www.klasikotomobil.org\/en\/wp-json\/wp\/v2\/tags?post=513"}],"curies":[{"name":"wp","href":"https:\/\/api.w.org\/{rel}","templated":true}]}}