{"id":499,"date":"2016-11-27T11:25:24","date_gmt":"2016-11-27T11:25:24","guid":{"rendered":"https:\/\/www.klasikotomobil.org\/en\/?p=499"},"modified":"2018-01-10T11:36:45","modified_gmt":"2018-01-10T11:36:45","slug":"13-kasim-olaganustu-genel-kurul","status":"publish","type":"post","link":"https:\/\/www.klasikotomobil.org\/en\/13-kasim-olaganustu-genel-kurul\/","title":{"rendered":"27.11.2016<br\/> Ola\u011fan\u00fcst\u00fc Genel Kurul"},"content":{"rendered":"","protected":false},"excerpt":{"rendered":"","protected":false},"author":1,"featured_media":920,"comment_status":"closed","ping_status":"closed","sticky":false,"template":"","format":"standard","meta":[],"categories":[6],"tags":[],"aioseo_notices":[],"_links":{"self":[{"href":"https:\/\/www.klasikotomobil.org\/en\/wp-json\/wp\/v2\/posts\/499"}],"collection":[{"href":"https:\/\/www.klasikotomobil.org\/en\/wp-json\/wp\/v2\/posts"}],"about":[{"href":"https:\/\/www.klasikotomobil.org\/en\/wp-json\/wp\/v2\/types\/post"}],"author":[{"embeddable":true,"href":"https:\/\/www.klasikotomobil.org\/en\/wp-json\/wp\/v2\/users\/1"}],"replies":[{"embeddable":true,"href":"https:\/\/www.klasikotomobil.org\/en\/wp-json\/wp\/v2\/comments?post=499"}],"version-history":[{"count":7,"href":"https:\/\/www.klasikotomobil.org\/en\/wp-json\/wp\/v2\/posts\/499\/revisions"}],"predecessor-version":[{"id":1258,"href":"https:\/\/www.klasikotomobil.org\/en\/wp-json\/wp\/v2\/posts\/499\/revisions\/1258"}],"wp:featuredmedia":[{"embeddable":true,"href":"https:\/\/www.klasikotomobil.org\/en\/wp-json\/wp\/v2\/media\/920"}],"wp:attachment":[{"href":"https:\/\/www.klasikotomobil.org\/en\/wp-json\/wp\/v2\/media?parent=499"}],"wp:term":[{"taxonomy":"category","embeddable":true,"href":"https:\/\/www.klasikotomobil.org\/en\/wp-json\/wp\/v2\/categories?post=499"},{"taxonomy":"post_tag","embeddable":true,"href":"https:\/\/www.klasikotomobil.org\/en\/wp-json\/wp\/v2\/tags?post=499"}],"curies":[{"name":"wp","href":"https:\/\/api.w.org\/{rel}","templated":true}]}}