{"id":1056,"date":"2017-08-18T08:14:25","date_gmt":"2017-08-18T08:14:25","guid":{"rendered":"https:\/\/www.klasikotomobil.org\/en\/?p=1056"},"modified":"2017-09-13T06:10:13","modified_gmt":"2017-09-13T06:10:13","slug":"grand_opening","status":"publish","type":"post","link":"https:\/\/www.klasikotomobil.org\/en\/grand_opening\/","title":{"rendered":"B\u00fcy\u00fck A\u00e7\u0131l\u0131\u015f!"},"content":{"rendered":"","protected":false},"excerpt":{"rendered":"","protected":false},"author":6,"featured_media":1060,"comment_status":"closed","ping_status":"closed","sticky":false,"template":"","format":"standard","meta":[],"categories":[6],"tags":[],"aioseo_notices":[],"_links":{"self":[{"href":"https:\/\/www.klasikotomobil.org\/en\/wp-json\/wp\/v2\/posts\/1056"}],"collection":[{"href":"https:\/\/www.klasikotomobil.org\/en\/wp-json\/wp\/v2\/posts"}],"about":[{"href":"https:\/\/www.klasikotomobil.org\/en\/wp-json\/wp\/v2\/types\/post"}],"author":[{"embeddable":true,"href":"https:\/\/www.klasikotomobil.org\/en\/wp-json\/wp\/v2\/users\/6"}],"replies":[{"embeddable":true,"href":"https:\/\/www.klasikotomobil.org\/en\/wp-json\/wp\/v2\/comments?post=1056"}],"version-history":[{"count":4,"href":"https:\/\/www.klasikotomobil.org\/en\/wp-json\/wp\/v2\/posts\/1056\/revisions"}],"predecessor-version":[{"id":1085,"href":"https:\/\/www.klasikotomobil.org\/en\/wp-json\/wp\/v2\/posts\/1056\/revisions\/1085"}],"wp:featuredmedia":[{"embeddable":true,"href":"https:\/\/www.klasikotomobil.org\/en\/wp-json\/wp\/v2\/media\/1060"}],"wp:attachment":[{"href":"https:\/\/www.klasikotomobil.org\/en\/wp-json\/wp\/v2\/media?parent=1056"}],"wp:term":[{"taxonomy":"category","embeddable":true,"href":"https:\/\/www.klasikotomobil.org\/en\/wp-json\/wp\/v2\/categories?post=1056"},{"taxonomy":"post_tag","embeddable":true,"href":"https:\/\/www.klasikotomobil.org\/en\/wp-json\/wp\/v2\/tags?post=1056"}],"curies":[{"name":"wp","href":"https:\/\/api.w.org\/{rel}","templated":true}]}}